{"id":29628,"date":"2025-11-30T14:37:19","date_gmt":"2025-11-30T14:37:19","guid":{"rendered":"https:\/\/diarioahora.com.ar\/?p=29628"},"modified":"2025-11-30T14:37:20","modified_gmt":"2025-11-30T14:37:20","slug":"victor-padilla-de-vialidad-nacional-de-formosa-quien-ocupa-ese-cargo-por-gestiones-de-atilio-basualdo-senalo-que-el-tramo-de-la-autovia-norte-con-el-nuevo-puente-blanco-estaria-contemplado-en-el-pres","status":"publish","type":"post","link":"https:\/\/diarioahora.com.ar\/index.php\/2025\/11\/30\/victor-padilla-de-vialidad-nacional-de-formosa-quien-ocupa-ese-cargo-por-gestiones-de-atilio-basualdo-senalo-que-el-tramo-de-la-autovia-norte-con-el-nuevo-puente-blanco-estaria-contemplado-en-el-pres\/","title":{"rendered":"Victor Padilla de Vialidad Nacional de Formosa quien ocupa ese cargo por gestiones de Atilio Basualdo, se\u00f1al\u00f3 que el tramo de la autov\u00eda norte con el nuevo Puente Blanco estar\u00eda contemplado en el presupuesto 2026"},"content":{"rendered":"\n<p>La Direcci\u00f3n de Vialidad Nacional con asiento en Formosa confirm\u00f3 que la Autov\u00eda Norte y el reemplazo del Puente Blanco estar\u00e1n contemplados en el presupuesto 2026, con inicio de obras previsto para marzo. Se trata de un proyecto clave para mejorar la conectividad y dar respuesta al crecimiento urbano de Formosa. Una obra anunciada por el gildismo a\u00f1os atr\u00e1s que fue paralizada en el kirchnerismo. La nueva autov\u00eda permitir\u00e1 un tr\u00e1nsito m\u00e1s seguro y \u00e1gil, mientras que la sustituci\u00f3n del puente, considerado un punto cr\u00edtico de la ciudad, garantizar\u00e1 mayor capacidad y resistencia.<\/p>\n\n\n\n<p>V\u00edctor Padilla, delegado de Vialidad Nacional en Formosa designado en ese cargo por gestiones del diputado electo Atilio Basualdo fue quien inform\u00f3 oficialmente sobre la inclusi\u00f3n de estas obras en el plan de inversi\u00f3n. Seg\u00fan explic\u00f3, la iniciativa busca transformar un corredor estrat\u00e9gico en un eje moderno y eficiente, potenciando el desarrollo econ\u00f3mico y social de la regi\u00f3n. Con esta inversi\u00f3n, el Ejecutivo apuesta a consolidar la infraestructura vial y marcar un hito en la planificaci\u00f3n urbana de la provincia.<\/p>\n","protected":false},"excerpt":{"rendered":"<p>La Direcci\u00f3n de Vialidad Nacional con asiento en Formosa confirm\u00f3 que la Autov\u00eda Norte y el reemplazo del Puente Blanco estar\u00e1n contemplados en el presupuesto&#8230;<\/p>\n","protected":false},"author":1,"featured_media":29629,"comment_status":"closed","ping_status":"closed","sticky":false,"template":"","format":"standard","meta":{"_jetpack_memberships_contains_paid_content":false,"footnotes":""},"categories":[4],"tags":[],"class_list":["post-29628","post","type-post","status-publish","format-standard","has-post-thumbnail","hentry","category-formosa","entry","double"],"jetpack_featured_media_url":"https:\/\/diarioahora.com.ar\/wp-content\/uploads\/2025\/11\/r2-7-1.jpg","jetpack_sharing_enabled":true,"_links":{"self":[{"href":"https:\/\/diarioahora.com.ar\/index.php\/wp-json\/wp\/v2\/posts\/29628","targetHints":{"allow":["GET"]}}],"collection":[{"href":"https:\/\/diarioahora.com.ar\/index.php\/wp-json\/wp\/v2\/posts"}],"about":[{"href":"https:\/\/diarioahora.com.ar\/index.php\/wp-json\/wp\/v2\/types\/post"}],"author":[{"embeddable":true,"href":"https:\/\/diarioahora.com.ar\/index.php\/wp-json\/wp\/v2\/users\/1"}],"replies":[{"embeddable":true,"href":"https:\/\/diarioahora.com.ar\/index.php\/wp-json\/wp\/v2\/comments?post=29628"}],"version-history":[{"count":1,"href":"https:\/\/diarioahora.com.ar\/index.php\/wp-json\/wp\/v2\/posts\/29628\/revisions"}],"predecessor-version":[{"id":29630,"href":"https:\/\/diarioahora.com.ar\/index.php\/wp-json\/wp\/v2\/posts\/29628\/revisions\/29630"}],"wp:featuredmedia":[{"embeddable":true,"href":"https:\/\/diarioahora.com.ar\/index.php\/wp-json\/wp\/v2\/media\/29629"}],"wp:attachment":[{"href":"https:\/\/diarioahora.com.ar\/index.php\/wp-json\/wp\/v2\/media?parent=29628"}],"wp:term":[{"taxonomy":"category","embeddable":true,"href":"https:\/\/diarioahora.com.ar\/index.php\/wp-json\/wp\/v2\/categories?post=29628"},{"taxonomy":"post_tag","embeddable":true,"href":"https:\/\/diarioahora.com.ar\/index.php\/wp-json\/wp\/v2\/tags?post=29628"}],"curies":[{"name":"wp","href":"https:\/\/api.w.org\/{rel}","templated":true}]}}