{"id":28864,"date":"2025-11-05T01:11:48","date_gmt":"2025-11-05T01:11:48","guid":{"rendered":"https:\/\/diarioahora.com.ar\/?p=28864"},"modified":"2025-11-05T01:11:49","modified_gmt":"2025-11-05T01:11:49","slug":"grave-accidente-entre-un-automovil-y-un-camion-en-concepcion-del-uruguay-un-joven-de-25-anos-termino-gravemente-herido","status":"publish","type":"post","link":"https:\/\/diarioahora.com.ar\/index.php\/2025\/11\/05\/grave-accidente-entre-un-automovil-y-un-camion-en-concepcion-del-uruguay-un-joven-de-25-anos-termino-gravemente-herido\/","title":{"rendered":"Grave accidente entre un autom\u00f3vil y un cami\u00f3n en Concepci\u00f3n del Uruguay: un joven de 25 a\u00f1os termin\u00f3 gravemente herido"},"content":{"rendered":"\n<p>Un fuerte siniestro vial se registr\u00f3 en la tarde de este martes en Concepci\u00f3n del Uruguay, dejando como saldo un joven de 25 a\u00f1os gravemente herido. El hecho ocurri\u00f3 alrededor de las\u00a0<strong>17.30 de este martes\u00a0<\/strong>, en el acceso\u00a0<strong>Rodr\u00edguez Artusi<\/strong>, a la altura de\u00a0<strong>calle 36 del Oeste<\/strong>.<\/p>\n\n\n\n<p>Seg\u00fan los primeros datos, los veh\u00edculos involucrados fueron un\u00a0<strong>cami\u00f3n Mercedes-Benz modelo 1620<\/strong>, perteneciente a la empresa\u00a0<strong>Tim-Car<\/strong>\u00a0y conducido por un hombre de\u00a0<strong>41 a\u00f1os<\/strong>, y un\u00a0<strong>autom\u00f3vil Volkswagen Gol Power gris<\/strong>, al mando de un joven de\u00a0<strong>25 a\u00f1os<\/strong>.<\/p>\n\n\n\n<p>De acuerdo a las primeras pericias, el cami\u00f3n circulaba por Rodr\u00edguez Artusi en sentido&nbsp;<strong>Oeste-Este<\/strong>, mientras que el Gol lo hac\u00eda en direcci\u00f3n&nbsp;<strong>contraria (Este-Oeste)<\/strong>. Por causas que a\u00fan se investigan, el autom\u00f3vil impact\u00f3 frontalmente contra el cami\u00f3n, lo que provoc\u00f3 un violento choque.<\/p>\n\n\n\n<p>El&nbsp;<strong>Volkswagen Gol<\/strong>&nbsp;fue desplazado varios metros, quedando sobre la calzada derecha. Personal de&nbsp;<strong>Bomberos Voluntarios<\/strong>,&nbsp;<strong>Polic\u00eda de Entre R\u00edos<\/strong>&nbsp;y el servicio de emergencias&nbsp;<strong>Alerta<\/strong>&nbsp;trabajaron intensamente para rescatar al conductor, que hab\u00eda quedado atrapado entre los hierros del veh\u00edculo.<\/p>\n\n\n\n<p>El joven fue trasladado de inmediato al&nbsp;<strong>hospital Justo Jos\u00e9 de Urquiza<\/strong>, donde permanece internado en la&nbsp;<strong>Unidad de Terapia Intensiva<\/strong>, con&nbsp;<strong>lesiones de car\u00e1cter reservado<\/strong>&nbsp;debido a la gravedad del impacto.<\/p>\n\n\n\n<p>Por su parte, el conductor del cami\u00f3n sufri\u00f3&nbsp;<strong>lesiones leves<\/strong>&nbsp;y fue atendido en el lugar.<\/p>\n\n\n\n<p>En el sitio intervino la&nbsp;<strong>Divisi\u00f3n Accidentolog\u00eda Vial<\/strong>, que realiza las pericias correspondientes para determinar las causas precisas del siniestro.<\/p>\n\n\n\n<p>(Diario Uno).<\/p>\n","protected":false},"excerpt":{"rendered":"<p>Un fuerte siniestro vial se registr\u00f3 en la tarde de este martes en Concepci\u00f3n del Uruguay, dejando como saldo un joven de 25 a\u00f1os gravemente&#8230;<\/p>\n","protected":false},"author":1,"featured_media":28865,"comment_status":"closed","ping_status":"closed","sticky":false,"template":"","format":"standard","meta":{"_jetpack_memberships_contains_paid_content":false,"footnotes":""},"categories":[7],"tags":[],"class_list":["post-28864","post","type-post","status-publish","format-standard","has-post-thumbnail","hentry","category-entre-rios","entry","double"],"jetpack_featured_media_url":"https:\/\/diarioahora.com.ar\/wp-content\/uploads\/2025\/11\/r2-18.webp","jetpack_sharing_enabled":true,"_links":{"self":[{"href":"https:\/\/diarioahora.com.ar\/index.php\/wp-json\/wp\/v2\/posts\/28864","targetHints":{"allow":["GET"]}}],"collection":[{"href":"https:\/\/diarioahora.com.ar\/index.php\/wp-json\/wp\/v2\/posts"}],"about":[{"href":"https:\/\/diarioahora.com.ar\/index.php\/wp-json\/wp\/v2\/types\/post"}],"author":[{"embeddable":true,"href":"https:\/\/diarioahora.com.ar\/index.php\/wp-json\/wp\/v2\/users\/1"}],"replies":[{"embeddable":true,"href":"https:\/\/diarioahora.com.ar\/index.php\/wp-json\/wp\/v2\/comments?post=28864"}],"version-history":[{"count":1,"href":"https:\/\/diarioahora.com.ar\/index.php\/wp-json\/wp\/v2\/posts\/28864\/revisions"}],"predecessor-version":[{"id":28866,"href":"https:\/\/diarioahora.com.ar\/index.php\/wp-json\/wp\/v2\/posts\/28864\/revisions\/28866"}],"wp:featuredmedia":[{"embeddable":true,"href":"https:\/\/diarioahora.com.ar\/index.php\/wp-json\/wp\/v2\/media\/28865"}],"wp:attachment":[{"href":"https:\/\/diarioahora.com.ar\/index.php\/wp-json\/wp\/v2\/media?parent=28864"}],"wp:term":[{"taxonomy":"category","embeddable":true,"href":"https:\/\/diarioahora.com.ar\/index.php\/wp-json\/wp\/v2\/categories?post=28864"},{"taxonomy":"post_tag","embeddable":true,"href":"https:\/\/diarioahora.com.ar\/index.php\/wp-json\/wp\/v2\/tags?post=28864"}],"curies":[{"name":"wp","href":"https:\/\/api.w.org\/{rel}","templated":true}]}}