{"id":25069,"date":"2025-07-02T18:30:05","date_gmt":"2025-07-02T18:30:05","guid":{"rendered":"https:\/\/diarioahora.com.ar\/?p=25069"},"modified":"2025-07-02T18:30:48","modified_gmt":"2025-07-02T18:30:48","slug":"el-gobernador-gustavo-valdes-anuncio-aumento-del-plus-que-cobran-todos-los-meses-sobre-el-sueldo-jubilados-y-empleados-publicos-la-suma-de-210-000-a-partir-del-1o-de-julio-y-se-alista-para-anunciar","status":"publish","type":"post","link":"https:\/\/diarioahora.com.ar\/index.php\/2025\/07\/02\/el-gobernador-gustavo-valdes-anuncio-aumento-del-plus-que-cobran-todos-los-meses-sobre-el-sueldo-jubilados-y-empleados-publicos-la-suma-de-210-000-a-partir-del-1o-de-julio-y-se-alista-para-anunciar\/","title":{"rendered":"El gobernador Vald\u00e9s anunci\u00f3 aumento del Plus que cobran todos los meses sobre el sueldo jubilados y empleados p\u00fablicos de $ 210.000 a partir del 1\u00ba de julio y se alista para anunciar aumento salarial"},"content":{"rendered":"\n<p>El gobernador de la provincia, Gustavo Vald\u00e9s, por medio de su cuenta oficial de X, anunci\u00f3: &#8220;aumentamos un 100% los pluses para trabajadores provinciales activos y jubilados: ser\u00e1 desde el mes de julio. Plus unificado: incremento a $110.000 netos de bolsillo. Plus de refuerzo: aumento a $100.000 netos de bolsillo&#8221;.<\/p>\n\n\n\n<p>El gobernador de la provincia, tras la entrega de viviendas en la localidad de San Lorenzo, expres\u00f3: &#8220;me compromet\u00ed con los correntinos, con los trabajadores activos y pasivos, vamos a estar aumentando el plus, este mes, vamos a estar incrementando 100 mil pesos por cada plus, 50 mil pesos m\u00e1s en el primer plus y 50 mil en el segundo plus&#8221;; y afirm\u00f3: &#8220;el mes que viene aumento en el sueldo&#8221;.<\/p>\n\n\n\n<figure class=\"wp-block-image size-full\"><img fetchpriority=\"high\" decoding=\"async\" width=\"790\" height=\"754\" src=\"https:\/\/diarioahora.com.ar\/wp-content\/uploads\/2025\/07\/r2.png\" alt=\"\" class=\"wp-image-25070\" srcset=\"https:\/\/diarioahora.com.ar\/wp-content\/uploads\/2025\/07\/r2.png 790w, https:\/\/diarioahora.com.ar\/wp-content\/uploads\/2025\/07\/r2-300x286.png 300w, https:\/\/diarioahora.com.ar\/wp-content\/uploads\/2025\/07\/r2-768x733.png 768w\" sizes=\"(max-width: 790px) 100vw, 790px\" \/><\/figure>\n\n\n\n<p>A su vez, Gustavo Vald\u00e9s, indic\u00f3: &#8220;sabemos que estamos pasando un momento dif\u00edcil, pero estamos siguiendo, ahora aumentamos los pluses, eso es importante&#8221;; y se\u00f1al\u00f3: &#8220;el aumento de sueldo lo vamos a estar anunciando el mes que viene&#8221;.<\/p>\n","protected":false},"excerpt":{"rendered":"<p>El gobernador de la provincia, Gustavo Vald\u00e9s, por medio de su cuenta oficial de X, anunci\u00f3: &#8220;aumentamos un 100% los pluses para trabajadores provinciales activos&#8230;<\/p>\n","protected":false},"author":1,"featured_media":25071,"comment_status":"closed","ping_status":"closed","sticky":false,"template":"","format":"standard","meta":{"_jetpack_memberships_contains_paid_content":false,"footnotes":""},"categories":[5],"tags":[],"class_list":["post-25069","post","type-post","status-publish","format-standard","has-post-thumbnail","hentry","category-corrientes","entry","double"],"jetpack_featured_media_url":"https:\/\/diarioahora.com.ar\/wp-content\/uploads\/2025\/07\/r2-2025-07-02T152937.504.jpg","jetpack_sharing_enabled":true,"_links":{"self":[{"href":"https:\/\/diarioahora.com.ar\/index.php\/wp-json\/wp\/v2\/posts\/25069","targetHints":{"allow":["GET"]}}],"collection":[{"href":"https:\/\/diarioahora.com.ar\/index.php\/wp-json\/wp\/v2\/posts"}],"about":[{"href":"https:\/\/diarioahora.com.ar\/index.php\/wp-json\/wp\/v2\/types\/post"}],"author":[{"embeddable":true,"href":"https:\/\/diarioahora.com.ar\/index.php\/wp-json\/wp\/v2\/users\/1"}],"replies":[{"embeddable":true,"href":"https:\/\/diarioahora.com.ar\/index.php\/wp-json\/wp\/v2\/comments?post=25069"}],"version-history":[{"count":2,"href":"https:\/\/diarioahora.com.ar\/index.php\/wp-json\/wp\/v2\/posts\/25069\/revisions"}],"predecessor-version":[{"id":25073,"href":"https:\/\/diarioahora.com.ar\/index.php\/wp-json\/wp\/v2\/posts\/25069\/revisions\/25073"}],"wp:featuredmedia":[{"embeddable":true,"href":"https:\/\/diarioahora.com.ar\/index.php\/wp-json\/wp\/v2\/media\/25071"}],"wp:attachment":[{"href":"https:\/\/diarioahora.com.ar\/index.php\/wp-json\/wp\/v2\/media?parent=25069"}],"wp:term":[{"taxonomy":"category","embeddable":true,"href":"https:\/\/diarioahora.com.ar\/index.php\/wp-json\/wp\/v2\/categories?post=25069"},{"taxonomy":"post_tag","embeddable":true,"href":"https:\/\/diarioahora.com.ar\/index.php\/wp-json\/wp\/v2\/tags?post=25069"}],"curies":[{"name":"wp","href":"https:\/\/api.w.org\/{rel}","templated":true}]}}