{"id":23730,"date":"2025-05-19T21:10:57","date_gmt":"2025-05-19T21:10:57","guid":{"rendered":"https:\/\/diarioahora.com.ar\/?p=23730"},"modified":"2025-05-19T21:10:59","modified_gmt":"2025-05-19T21:10:59","slug":"un-policia-acusado-de-haber-baleado-en-la-cabeza-a-su-pareja-embarazada-de-8-meses-ella-tambien-es-de-la-fuerza","status":"publish","type":"post","link":"https:\/\/diarioahora.com.ar\/index.php\/2025\/05\/19\/un-policia-acusado-de-haber-baleado-en-la-cabeza-a-su-pareja-embarazada-de-8-meses-ella-tambien-es-de-la-fuerza\/","title":{"rendered":"Un polic\u00eda acusado de haber baleado en la cabeza a su pareja embarazada de 8 meses, ella tambi\u00e9n es de la fuerza"},"content":{"rendered":"\n<p class=\"wp-block-paragraph\">Una joven polic\u00eda de 21 a\u00f1os, que cursaba un\u00a0<strong>embarazo de ocho meses,<\/strong>\u00a0fue\u00a0<strong>baleada en la cabeza\u00a0y se encuentra grave.<\/strong>\u00a0Su pareja, tambi\u00e9n efectivo policial, fue\u00a0<strong>detenido\u00a0<\/strong>y dijo que el arma\u00a0<strong>se dispar\u00f3 accidentalmente.<\/strong><\/p>\n\n\n\n<p class=\"wp-block-paragraph\">El dram\u00e1tico episodio ocurri\u00f3 este domingo por la noche en una casa ubicada en la calle Laguna Paiva al 1100, en la localidad de Coronda,\u00a0Santa Fe.\u00a0Por la gravedad de la herida, la chica, identificada como Anah\u00ed Isnardo, tuvo que ser trasladada de urgencia al hospital Jos\u00e9 Mar\u00eda Cullen.<\/p>\n\n\n\n<p class=\"wp-block-paragraph\">Seg\u00fan inform\u00f3 Amanda Z\u00e1rate, subdirectora del centro de salud, la joven ingres\u00f3 l\u00facida y fue sometida a una cirug\u00eda de craneotom\u00eda descompresiva.<\/p>\n\n\n\n<p class=\"wp-block-paragraph\">Tras ello, qued\u00f3 internada en la Unidad de Terapia Intensiva, con&nbsp;<strong>pron\u00f3stico reservado<\/strong>. \u201cSiempre hay riesgo en un paciente con lesi\u00f3n cerebral. La situaci\u00f3n puede variar de momento a momento\u201d, explic\u00f3 la m\u00e9dica en di\u00e1logo con el medio local&nbsp;<em>Aire de Santa Fe.<\/em><\/p>\n\n\n\n<figure class=\"wp-block-image\"><img decoding=\"async\" src=\"https:\/\/tn.com.ar\/resizer\/v2\/el-caso-esta-siendo-investigado-foto-imagen-ilustrativa-policiafe-KLSYDDA6ELH232DNDR6TGMU6BA.jpg?auth=c9199a605a91e5fe925d6691435a5f8c4e58afc5ac512d3df47848a3203972d0&amp;width=767\" alt=\"El caso est\u00e1 siendo investigado. (Foto: imagen ilustrativa\/ @policia_fe)\"\/><figcaption class=\"wp-element-caption\">El caso est\u00e1 siendo investigado. (Foto: imagen ilustrativa\/ @policia_fe)<\/figcaption><\/figure>\n\n\n\n<p class=\"wp-block-paragraph\">Asimismo, se\u00f1al\u00f3 que las pr\u00f3ximas 48 horas son claves para monitorear su evoluci\u00f3n. Al momento del hecho, la mujer se encontraba con licencia m\u00e9dica y sin portaci\u00f3n de arma.<\/p>\n\n\n\n<p class=\"wp-block-paragraph\">Adem\u00e1s, la m\u00e9dica indic\u00f3 que por su avanzado embarazo, debieron practicarle una&nbsp;<strong>ces\u00e1rea de urgencia.&nbsp;<\/strong>La beba naci\u00f3 con 34 semanas de gestaci\u00f3n y fue derivada a&nbsp;<strong>neonatolog\u00eda<\/strong>. Permanece conectada a asistencia respiratoria mec\u00e1nica, aunque los m\u00e9dicos son optimistas. \u201cRecibe el tratamiento que necesita.&nbsp;<strong>Se espera la evoluci\u00f3n en el peso y la maduraci\u00f3n pulmonar,&nbsp;<\/strong>que son cuadros habituales en beb\u00e9s prematuros\u201d, detall\u00f3 Z\u00e1rate.<\/p>\n\n\n\n<p class=\"wp-block-paragraph\">Seg\u00fan el informe policial preliminar, Isnardo<strong>&nbsp;estaba en su casa junto a su pareja<\/strong>&nbsp;-tambi\u00e9n integrante de la Polic\u00eda de Santa Fe- cuando ocurri\u00f3 todo.<\/p>\n\n\n\n<p class=\"wp-block-paragraph\">El hombre, que pertenece a la Brigada de Orden Urbano (BOU) de Rosario, le dijo a la Polic\u00eda que el arma se dispar\u00f3 accidentalmente mientras se cambiaba. Qued\u00f3&nbsp;<strong>detenido<\/strong>&nbsp;mientras avanza la investigaci\u00f3n.<\/p>\n\n\n\n<p class=\"wp-block-paragraph\">El caso est\u00e1 a cargo del fiscal Marcelo Ben\u00edtez, del Ministerio P\u00fablico de la Acusaci\u00f3n, que orden\u00f3 la intervenci\u00f3n de la Divisi\u00f3n Judicial de la Unidad Regional XV y de la Polic\u00eda de Investigaciones (PDI). Adem\u00e1s, personal de Polic\u00eda Cient\u00edfica realiz\u00f3 peritajes en el lugar.<\/p>\n\n\n\n<p class=\"wp-block-paragraph\">El caso est\u00e1 caratulado como<strong>&nbsp;tentativa de femicidio.<\/strong><\/p>\n\n\n\n<p class=\"wp-block-paragraph\">(TN).<\/p>\n","protected":false},"excerpt":{"rendered":"<p>Una joven polic\u00eda de 21 a\u00f1os, que cursaba un\u00a0embarazo de ocho meses,\u00a0fue\u00a0baleada en la cabeza\u00a0y se encuentra grave.\u00a0Su pareja, tambi\u00e9n efectivo policial, fue\u00a0detenido\u00a0y dijo que&#8230;<\/p>\n","protected":false},"author":1,"featured_media":0,"comment_status":"closed","ping_status":"closed","sticky":false,"template":"","format":"standard","meta":{"_jetpack_newsletter_access":"","_jetpack_dont_email_post_to_subs":false,"_jetpack_newsletter_tier_id":0,"_jetpack_memberships_contains_paywalled_content":false,"_jetpack_feature_clip_id":0,"_jetpack_memberships_contains_paid_content":false,"footnotes":"","jetpack_post_was_ever_published":false},"categories":[11],"tags":[],"class_list":["post-23730","post","type-post","status-publish","format-standard","hentry","category-santa-fe","entry","double"],"jetpack_sharing_enabled":true,"jetpack_featured_media_url":"","_links":{"self":[{"href":"https:\/\/diarioahora.com.ar\/index.php\/wp-json\/wp\/v2\/posts\/23730","targetHints":{"allow":["GET"]}}],"collection":[{"href":"https:\/\/diarioahora.com.ar\/index.php\/wp-json\/wp\/v2\/posts"}],"about":[{"href":"https:\/\/diarioahora.com.ar\/index.php\/wp-json\/wp\/v2\/types\/post"}],"author":[{"embeddable":true,"href":"https:\/\/diarioahora.com.ar\/index.php\/wp-json\/wp\/v2\/users\/1"}],"replies":[{"embeddable":true,"href":"https:\/\/diarioahora.com.ar\/index.php\/wp-json\/wp\/v2\/comments?post=23730"}],"version-history":[{"count":1,"href":"https:\/\/diarioahora.com.ar\/index.php\/wp-json\/wp\/v2\/posts\/23730\/revisions"}],"predecessor-version":[{"id":23732,"href":"https:\/\/diarioahora.com.ar\/index.php\/wp-json\/wp\/v2\/posts\/23730\/revisions\/23732"}],"wp:attachment":[{"href":"https:\/\/diarioahora.com.ar\/index.php\/wp-json\/wp\/v2\/media?parent=23730"}],"wp:term":[{"taxonomy":"category","embeddable":true,"href":"https:\/\/diarioahora.com.ar\/index.php\/wp-json\/wp\/v2\/categories?post=23730"},{"taxonomy":"post_tag","embeddable":true,"href":"https:\/\/diarioahora.com.ar\/index.php\/wp-json\/wp\/v2\/tags?post=23730"}],"curies":[{"name":"wp","href":"https:\/\/api.w.org\/{rel}","templated":true}]}}